{"id":4365,"date":"2019-01-16T13:30:54","date_gmt":"2019-01-16T12:30:54","guid":{"rendered":"https:\/\/rafnac.com\/?p=4365"},"modified":"2019-01-16T13:30:54","modified_gmt":"2019-01-16T12:30:54","slug":"world-photo-day-2","status":"publish","type":"post","link":"https:\/\/rafnac.com\/index.php\/2019\/01\/16\/world-photo-day-2\/","title":{"rendered":"l&rsquo;ann\u00e9e 2019 sera asiatique &#8230;"},"content":{"rendered":"<p>Apr\u00e8s plus de 2 mois d&rsquo;absence dans le monde virtuel, me voila de retour pour un temps &#8230; Je voudrais tout d&rsquo;abord vous souhaiter une excellente Ann\u00e9e 2019.<\/p>\n<p style=\"text-align: center;\">Qu&rsquo;elle apporte \u00e0 tous les photographes (en herbe et les autres que je connais ..) de magnifiques clich\u00e9s immortalisant leurs plus beaux moments de l&rsquo;ann\u00e9e qu&rsquo;ils se passent en famille, en voyage ou bien sportifs &#8230; Et bien \u00e9videmment pour tous\u00a0 365 jours de bonne sant\u00e9, 8 760 heures de satisfaction, 525 600 minutes de joie et plus de 31 000 000 secondes de bonheur &#8230;<\/p>\n<p>&nbsp;<\/p>\n<p><img loading=\"lazy\" decoding=\"async\" class=\"aligncenter wp-image-4367 size-large\" src=\"https:\/\/rafnac.com\/wp-content\/uploads\/2019\/01\/new-year-3357200_1280-1024x580.jpg\" alt=\"\" width=\"1024\" height=\"580\" srcset=\"https:\/\/rafnac.com\/wp-content\/uploads\/2019\/01\/new-year-3357200_1280-1024x580.jpg 1024w, https:\/\/rafnac.com\/wp-content\/uploads\/2019\/01\/new-year-3357200_1280-300x170.jpg 300w, https:\/\/rafnac.com\/wp-content\/uploads\/2019\/01\/new-year-3357200_1280-768x435.jpg 768w, https:\/\/rafnac.com\/wp-content\/uploads\/2019\/01\/new-year-3357200_1280.jpg 1280w\" sizes=\"(max-width: 1024px) 100vw, 1024px\" \/><\/p>\n<p>&nbsp;<\/p>\n<p>Une fois n&rsquo;est pas coutume : J&rsquo;ai toujours tendance \u00e0 vous r\u00e9v\u00e9ler \u00e0 post\u00e9riori les \u00e9tapes de mes voyages et bien pour cette ann\u00e9e, je fais l&rsquo;inverse !!! Je vous pr\u00e9sente en avant premi\u00e8re et sous r\u00e9serve de nombreuses modifications une fois sur place &#8230; mon itin\u00e9raire des 3 prochains mois : Une immersion en Asie du sud Est avec la travers\u00e9e de 3 pays : Le Laos (peut \u00eatre le moins touristique des 3), le Cambodge et les fameux temples d&rsquo;Angkor et le Vietnam dont les tr\u00e9sors vous seront r\u00e9v\u00e9l\u00e9s au d\u00e9tour de mes escales &#8230;. C&rsquo;est la premi\u00e8re fois que je me rends, seule en sac \u00e0 dos, dans des pays dont je ne maitrise absolument pas les langues !!! (Et je reconnais que c&rsquo;est une source de questionnement mais tout le monde reconnait que ces pays sont \u00ab\u00a0faciles\u00a0\u00bb et s\u00fbrs donc &#8230; Let&rsquo;s go !!!)<\/p>\n<p>&nbsp;<\/p>\n<p>Alors voila le p\u00e9riple que je me suis pr\u00e9par\u00e9e : Vol Europe &#8211; Hanoi (Vous allez rire si je vous dis que je ne l&rsquo;ai pas encore r\u00e9serv\u00e9 ???) mais c&rsquo;est vrai j&rsquo;attends de voir mon m\u00e9decin pour \u00eatre s\u00fbre que les nombreux vaccins non obligatoires mais fortement recommand\u00e9s, sont encore valable avant de r\u00e9server<\/p>\n<p>Et comme au Vietnam du 26 Janvier au 25 F\u00e9vrier 2019 c&rsquo;est la f\u00eate du T\u00eat (C&rsquo;est \u00e0 la fois No\u00ebl Nouvel An et l&rsquo;anniversaire de tous les vietnamiens ..) et similaire au mois d&rsquo;Aout en France en pire (Beaucoup de commerces ferment, les transports sont rares et pris d&rsquo;assaut et il en est de m\u00eame pour les logements) .. je n&rsquo;y fais qu&rsquo;un saut car il parait que cela vaut le coup de voir Hanoi Vide le 5 F\u00e9vrier &#8230;et je m&rsquo;envole (normalement) le 6 pour le Laos et Luang Prabang qui, d&rsquo;apr\u00e8s les guides et les forums est une des plus belles destinations du Sud Est &#8230;<\/p>\n<p>Quelques semaines au Laos en faisant une boucle dans le Nord (avec une partie de navigation sur le M\u00e9kong) pour rejoindre le Sud puis le Cambodge pour 3 semaines (ou plus ou moins) et enfin une halte sur l&rsquo;ile enchanteresse de Phu Quoc au Vietnam (je n&rsquo;ai pas encore d\u00e9fini la dur\u00e9e de cette escale \u00ab\u00a0farniente\u00a0\u00bb) et remont\u00e9e vers le Nord<\/p>\n<p style=\"text-align: center;\"><strong>Le P\u00e9riple dans son ensemble &#8230;<\/strong><\/p>\n<p><img loading=\"lazy\" decoding=\"async\" class=\"size-large wp-image-4368\" src=\"https:\/\/rafnac.com\/wp-content\/uploads\/2019\/01\/Vue-g\u00e9n\u00e9rale-Itin\u00e9raire-Asie--1024x894.jpg\" alt=\"\" width=\"1024\" height=\"894\" srcset=\"https:\/\/rafnac.com\/wp-content\/uploads\/2019\/01\/Vue-g\u00e9n\u00e9rale-Itin\u00e9raire-Asie--1024x894.jpg 1024w, https:\/\/rafnac.com\/wp-content\/uploads\/2019\/01\/Vue-g\u00e9n\u00e9rale-Itin\u00e9raire-Asie--300x262.jpg 300w, https:\/\/rafnac.com\/wp-content\/uploads\/2019\/01\/Vue-g\u00e9n\u00e9rale-Itin\u00e9raire-Asie--768x670.jpg 768w, https:\/\/rafnac.com\/wp-content\/uploads\/2019\/01\/Vue-g\u00e9n\u00e9rale-Itin\u00e9raire-Asie-.jpg 1574w\" sizes=\"(max-width: 1024px) 100vw, 1024px\" \/><\/p>\n<p style=\"text-align: center;\"><strong>L&rsquo;itin\u00e9raire au Laos &#8230;(sous r\u00e9serve de modifications pour cause de rencontre, de m\u00e9t\u00e9o, de conseils etc &#8230;)<\/strong><\/p>\n<p style=\"text-align: center;\">(en pontill\u00e9s c&rsquo;est la partie \u00ab\u00a0navigu\u00e9e\u00a0\u00bb sur le M\u00e9kong)<\/p>\n<p>&nbsp;<\/p>\n<p><img loading=\"lazy\" decoding=\"async\" class=\"size-large wp-image-4370\" src=\"https:\/\/rafnac.com\/wp-content\/uploads\/2019\/01\/Itin\u00e9raire-Laos-838x1024.jpg\" alt=\"\" width=\"838\" height=\"1024\" srcset=\"https:\/\/rafnac.com\/wp-content\/uploads\/2019\/01\/Itin\u00e9raire-Laos-838x1024.jpg 838w, https:\/\/rafnac.com\/wp-content\/uploads\/2019\/01\/Itin\u00e9raire-Laos-246x300.jpg 246w, https:\/\/rafnac.com\/wp-content\/uploads\/2019\/01\/Itin\u00e9raire-Laos-768x938.jpg 768w, https:\/\/rafnac.com\/wp-content\/uploads\/2019\/01\/Itin\u00e9raire-Laos.jpg 1514w\" sizes=\"(max-width: 838px) 100vw, 838px\" \/><\/p>\n<p style=\"text-align: center;\"><strong>La Poursuite du P\u00e9riple au Cambodge (si j&rsquo;arrive \u00e0 passer la fronti\u00e8re !!!)<\/strong><\/p>\n<p>&nbsp;<\/p>\n<p><img loading=\"lazy\" decoding=\"async\" class=\"size-large wp-image-4369\" src=\"https:\/\/rafnac.com\/wp-content\/uploads\/2019\/01\/Itin\u00e9raire-Cambodge-1024x822.jpg\" alt=\"\" width=\"1024\" height=\"822\" srcset=\"https:\/\/rafnac.com\/wp-content\/uploads\/2019\/01\/Itin\u00e9raire-Cambodge-1024x822.jpg 1024w, https:\/\/rafnac.com\/wp-content\/uploads\/2019\/01\/Itin\u00e9raire-Cambodge-300x241.jpg 300w, https:\/\/rafnac.com\/wp-content\/uploads\/2019\/01\/Itin\u00e9raire-Cambodge-768x616.jpg 768w, https:\/\/rafnac.com\/wp-content\/uploads\/2019\/01\/Itin\u00e9raire-Cambodge.jpg 1842w\" sizes=\"(max-width: 1024px) 100vw, 1024px\" \/><\/p>\n<p>&nbsp;<\/p>\n<p>&nbsp;<\/p>\n<p style=\"text-align: center;\"><strong>Et le dernier des 3 pays visit\u00e9s : Le Vietnam<\/strong><\/p>\n<p><img loading=\"lazy\" decoding=\"async\" class=\"size-large wp-image-4371\" src=\"https:\/\/rafnac.com\/wp-content\/uploads\/2019\/01\/Itin\u00e9raire-Vietnam-814x1024.jpg\" alt=\"\" width=\"814\" height=\"1024\" srcset=\"https:\/\/rafnac.com\/wp-content\/uploads\/2019\/01\/Itin\u00e9raire-Vietnam-814x1024.jpg 814w, https:\/\/rafnac.com\/wp-content\/uploads\/2019\/01\/Itin\u00e9raire-Vietnam-238x300.jpg 238w, https:\/\/rafnac.com\/wp-content\/uploads\/2019\/01\/Itin\u00e9raire-Vietnam-768x967.jpg 768w, https:\/\/rafnac.com\/wp-content\/uploads\/2019\/01\/Itin\u00e9raire-Vietnam.jpg 1516w\" sizes=\"(max-width: 814px) 100vw, 814px\" \/><\/p>\n<p>&nbsp;<\/p>\n<p>&nbsp;<\/p>\n<p>Il m&rsquo;a fallu plus d&rsquo;une semaine pour \u00e9tablir cet itin\u00e9raire &#8230; en tenant compte de la M\u00e9t\u00e9o (Typhons Moussons Humidit\u00e9 et Temp\u00e9ratures) de mes envies de grands espaces (Randonn\u00e9es p\u00e9destres, \u00e0 v\u00e9lo, en moto), de mon souhait de me m\u00ealer aux populations locales, de visiter des villages recul\u00e9s et des temples d&rsquo;altitude (J&rsquo;ai pr\u00e9vu d&rsquo;avoir le vertige lol) etc &#8230;<\/p>\n<p>&nbsp;<\/p>\n<p>Une fois que le vol sera r\u00e9serv\u00e9 &#8230; Tout va s\u2019acc\u00e9l\u00e9rer !!!<\/p>\n<p>Mais l&rsquo;avantage de publier en amont cet itin\u00e9raire est de pouvoir avoir des suggestions de \u00ab\u00a0What to do ?\u00a0\u00bb, des conseils, des id\u00e9es ou des demandes sp\u00e9cifiques (Si d&rsquo;aucun d&rsquo;entre vous souhaite que je lui ram\u00e8ne quelque chose (de pas lourd ni volumineux lol) dites le moi &#8230;)<\/p>\n<p>De mon cot\u00e9 avant de partir je vais faire appel \u00e0 mes conseillers techniques (ils sont reconnaitront) pour que je puisse vous faire vivre mes aventures avec un ordinateur au top et un site internet optimis\u00e9 !!!<\/p>\n<p>A tr\u00e8s vite &#8230;<\/p>\n<p>&nbsp;<\/p>\n<p>&nbsp;<\/p>\n","protected":false},"excerpt":{"rendered":"<p>Apr\u00e8s plus de 2 mois d&rsquo;absence dans le monde virtuel, me voila de retour pour un temps &#8230; Je voudrais tout d&rsquo;abord vous souhaiter une excellente Ann\u00e9e 2019. Qu&rsquo;elle apporte \u00e0 tous les photographes (en herbe et les autres que je connais ..) de magnifiques clich\u00e9s immortalisant leurs plus beaux moments de l&rsquo;ann\u00e9e qu&rsquo;ils se [&hellip;]<\/p>\n","protected":false},"author":1,"featured_media":4366,"comment_status":"open","ping_status":"open","sticky":false,"template":"","format":"standard","meta":{"footnotes":""},"categories":[29,30,37,40,33],"tags":[10,11],"aioseo_notices":[],"_links":{"self":[{"href":"https:\/\/rafnac.com\/index.php\/wp-json\/wp\/v2\/posts\/4365"}],"collection":[{"href":"https:\/\/rafnac.com\/index.php\/wp-json\/wp\/v2\/posts"}],"about":[{"href":"https:\/\/rafnac.com\/index.php\/wp-json\/wp\/v2\/types\/post"}],"author":[{"embeddable":true,"href":"https:\/\/rafnac.com\/index.php\/wp-json\/wp\/v2\/users\/1"}],"replies":[{"embeddable":true,"href":"https:\/\/rafnac.com\/index.php\/wp-json\/wp\/v2\/comments?post=4365"}],"version-history":[{"count":3,"href":"https:\/\/rafnac.com\/index.php\/wp-json\/wp\/v2\/posts\/4365\/revisions"}],"predecessor-version":[{"id":4374,"href":"https:\/\/rafnac.com\/index.php\/wp-json\/wp\/v2\/posts\/4365\/revisions\/4374"}],"wp:featuredmedia":[{"embeddable":true,"href":"https:\/\/rafnac.com\/index.php\/wp-json\/wp\/v2\/media\/4366"}],"wp:attachment":[{"href":"https:\/\/rafnac.com\/index.php\/wp-json\/wp\/v2\/media?parent=4365"}],"wp:term":[{"taxonomy":"category","embeddable":true,"href":"https:\/\/rafnac.com\/index.php\/wp-json\/wp\/v2\/categories?post=4365"},{"taxonomy":"post_tag","embeddable":true,"href":"https:\/\/rafnac.com\/index.php\/wp-json\/wp\/v2\/tags?post=4365"}],"curies":[{"name":"wp","href":"https:\/\/api.w.org\/{rel}","templated":true}]}}